{"id":23907,"date":"2026-09-02T14:50:28","date_gmt":"2026-09-02T12:50:28","guid":{"rendered":"https:\/\/www.fgh-online.de\/?p=23907"},"modified":"2026-09-02T16:25:07","modified_gmt":"2026-09-02T14:25:07","slug":"buergermeisterin-anke-theisen-ehrt-das-fgh-fuer-erfolge-beim-stadtradeln","status":"publish","type":"post","link":"https:\/\/www.fgh-online.de\/en\/aktuelle-themen\/buergermeisterin-anke-theisen-ehrt-das-fgh-fuer-erfolge-beim-stadtradeln","title":{"rendered":"B\u00fcrgermeisterin Anke Theisen ehrt das FGH f\u00fcr Erfolge beim Stadtradeln"},"content":{"rendered":"<p class=\"wp-block-paragraph\">Das Stadtradelteam des FGH mit knapp 60 aktiven Radlerinnen und Radlern w\u00fcrde am Dienstag, den 14.07.2026, im Kleinen Saal des Rathauses von B\u00fcrgermeisterin Anke Theisen und Klimaschutzmanagerin Phoebe Schr\u00f6der f\u00fcr seine Leistungen geehrt. Mit den im Team geradelten 8.837 km erreichte das Friedrichsgymnasium Platz 3 unter den in der Stadt Herford angemeldeten Teams. Stellvertretend f\u00fcr alle Radelnden nahmen Kaleb Hein aus der 9c (Platz 1 unter den FGH-Radlern) und Herr B\u00f6ker die Urkunde entgegen. Zudem erh\u00e4lt jeder aktive Radler aus dem FGH-Team ein Reflektorband, um die Sicherheit beim Fahrradfahren zu erh\u00f6hen. B\u00fcrgermeisterin Anke Theisen betonte dabei als ehemalige Polizistin die Wichtigkeit, auf Sicherheit im Stra\u00dfenverkehr zu achten, da Fahrradfahrer leider zu den schw\u00e4chsten Verkehrsteilnehmern z\u00e4hlen. Umso erfreulicher ist es, dass die FGH-Radler nun ein klein bisschen sicherer unterwegs sein k\u00f6nnen. F\u00fcr 2027 hat die Stadt Herford sich eine Zielmarke von 1000 aktiv Radelnden in der Stadt Herford gesetzt. Als Schule k\u00f6nnen wir hier sicherlich unseren Beitrag zum Erreichen dieses Ziels leisten. Aber auch wenn das Ziel in diesem Jahr noch nicht erreicht wurde, zeigte Frau Theisen sich beeindruckt von den Radfahrleistungen der Herforder und als ehemalige FGH-Sch\u00fclerin insbesondere auch von den FGH-Radelnden.<\/p>\n\n\n\n<p class=\"wp-block-paragraph\">Ein zus\u00e4tzliches Gruppenbild und die FGH-Urkunde finden Sie unter der Registerkarte &#8222;Leben und Lernen&#8220;, -&#8222;F\u00e4cherangebot&#8220;, &#8222;weitere F\u00e4cher&#8220; und Sport oder auch gleich direkt hier.  <\/p>","protected":false},"excerpt":{"rendered":"<p>Das Stadtradelteam des FGH mit knapp 60 aktiven Radlerinnen und Radlern w\u00fcrde am Dienstag, den 14.07.2026, im Kleinen Saal des Rathauses von B\u00fcrgermeisterin Anke Theisen und Klimaschutzmanagerin Phoebe Schr\u00f6der f\u00fcr seine Leistungen geehrt. Mit den im Team geradelten 8.837 km erreichte das Friedrichsgymnasium Platz 3 unter den in der Stadt Herford angemeldeten Teams. Stellvertretend f\u00fcr [&hellip;]<\/p>\n","protected":false},"author":15,"featured_media":23908,"comment_status":"closed","ping_status":"open","sticky":false,"template":"","format":"standard","meta":{"_acf_changed":false,"footnotes":""},"categories":[1],"tags":[],"class_list":["post-23907","post","type-post","status-publish","format-standard","has-post-thumbnail","hentry","category-aktuelle-themen"],"acf":[],"_links":{"self":[{"href":"https:\/\/www.fgh-online.de\/en\/wp-json\/wp\/v2\/posts\/23907","targetHints":{"allow":["GET"]}}],"collection":[{"href":"https:\/\/www.fgh-online.de\/en\/wp-json\/wp\/v2\/posts"}],"about":[{"href":"https:\/\/www.fgh-online.de\/en\/wp-json\/wp\/v2\/types\/post"}],"author":[{"embeddable":true,"href":"https:\/\/www.fgh-online.de\/en\/wp-json\/wp\/v2\/users\/15"}],"replies":[{"embeddable":true,"href":"https:\/\/www.fgh-online.de\/en\/wp-json\/wp\/v2\/comments?post=23907"}],"version-history":[{"count":1,"href":"https:\/\/www.fgh-online.de\/en\/wp-json\/wp\/v2\/posts\/23907\/revisions"}],"predecessor-version":[{"id":23909,"href":"https:\/\/www.fgh-online.de\/en\/wp-json\/wp\/v2\/posts\/23907\/revisions\/23909"}],"wp:featuredmedia":[{"embeddable":true,"href":"https:\/\/www.fgh-online.de\/en\/wp-json\/wp\/v2\/media\/23908"}],"wp:attachment":[{"href":"https:\/\/www.fgh-online.de\/en\/wp-json\/wp\/v2\/media?parent=23907"}],"wp:term":[{"taxonomy":"category","embeddable":true,"href":"https:\/\/www.fgh-online.de\/en\/wp-json\/wp\/v2\/categories?post=23907"},{"taxonomy":"post_tag","embeddable":true,"href":"https:\/\/www.fgh-online.de\/en\/wp-json\/wp\/v2\/tags?post=23907"}],"curies":[{"name":"wp","href":"https:\/\/api.w.org\/{rel}","templated":true}]}}