{"id":23904,"date":"2026-09-02T15:45:52","date_gmt":"2026-09-02T13:45:52","guid":{"rendered":"https:\/\/www.fgh-online.de\/?p=23904"},"modified":"2026-09-02T15:46:02","modified_gmt":"2026-09-02T13:46:02","slug":"expertenvortraege-der-ffp-kinder-aus-jahrgang-6-souveraen-gemeistert","status":"publish","type":"post","link":"https:\/\/www.fgh-online.de\/en\/aktuelle-themen\/expertenvortraege-der-ffp-kinder-aus-jahrgang-6-souveraen-gemeistert","title":{"rendered":"Expertenvortr\u00e4ge der FFP-Kinder aus Jahrgang 6 souver\u00e4n gemeistert"},"content":{"rendered":"<p class=\"wp-block-paragraph\">Bereits zum vierten Mal hie\u00df es nun am Dienstag, den 14.07.26, \u201eB\u00fchne frei\u201c f\u00fcr die Expertenvortr\u00e4ge der Teilnehmenden des Forder-F\u00f6rder-Projekts von Frau Panzlaff und Herrn B\u00f6ker aus Jahrgang 6. Nachdem die dreizehn Teilnehmenden ein halbes Jahr lang intensiv an einem Thema ihrer Wahl gearbeitet und (u. a. in der Stadtbibliothek Herford) recherchiert haben, war es nun zum Ende des Schuljahres soweit, die Fr\u00fcchte der monatelangen Arbeit zu ernten. Und so \u00fcberwanden alle Teilnehmenden ihr Lampenfieber und stellten sich der Herausforderung, auf der B\u00fchne in der Aula vor gr\u00f6\u00dferem Publikum in Form von Mitsch\u00fclern, Eltern und Lehrern ihre Expertenvortr\u00e4ge \u00fcber ihr selbst gew\u00e4hltes Thema zu halten. Dabei bot sich den Zuh\u00f6renden ein breites Spektrum interessanter Themen:<\/p>\n\n\n\n<ul class=\"wp-block-list\">\n<li>Fiona Joel (6a) referierte zum Thema \u201eSprache der Pferde\u201c,<\/li>\n\n\n\n<li>Isabell Kempf (6a) gab spannende Einblicke in die Entstehung von Filmen,<\/li>\n\n\n\n<li>Steve Kessler (6a) pr\u00e4sentierte sein neu erworbenes Wissen \u00fcber Wale,<\/li>\n\n\n\n<li>Marko Popovski (6a) entf\u00fchrte die Zuh\u00f6renden in die Welt des Fu\u00dfball,<\/li>\n\n\n\n<li>Tobias R\u00f6ttger (6a) erkl\u00e4rte die Grundregeln des Schachspiels,<\/li>\n\n\n\n<li>Lara Schr\u00f6der (6a) erl\u00e4uterte die Eigenschaften eines Hundes,<\/li>\n\n\n\n<li>Ferdinand Brahm (6b) nahm die Zuh\u00f6rer mit auf Zeitreise und informierte \u00fcber Mumien im Alten \u00c4gypten,<\/li>\n\n\n\n<li>Avesta Cakar (6b) trug Daten und Fakten zur Eliteuniversit\u00e4t Harvard vor,<\/li>\n\n\n\n<li>Amelie Diedrich (6b) stellte die Entstehung von B\u00fcchern vor und gab einen ersten Einblick in ihr eigenes Buch zur Thematik, dass Kinder zu wenig lesen,<\/li>\n\n\n\n<li>Michel Hodgson (6b) referierte zur Geschichte der Achterbahnen,<\/li>\n\n\n\n<li>Tanja Qader (6b) erl\u00e4uterte den Schmetterlingseffekt,<\/li>\n\n\n\n<li>Luisa Drucklieb (6c) berichtete ausf\u00fchrlich \u00fcber Martin Luther und die Reformation der Kirche und<\/li>\n\n\n\n<li>Mark Zbontar (6c) entf\u00fchrte die Zuh\u00f6renden in die Welt des Basketballs.<\/li>\n<\/ul>\n\n\n\n<p class=\"wp-block-paragraph\">Nach den erfolgreich gehaltenen Vortr\u00e4gen erhielten die dreizehn Teilnehmenden einen frischen Ausdruck ihrer Expertenarbeiten sowie eine Urkunde und ganz viel Applaus durch die Zuh\u00f6renden.<\/p>\n\n\n\n<p class=\"wp-block-paragraph\">Die Expertenarbeiten liegen ab sofort im 1. Stock auf dem Sideboard am Treppenhaus am Aquarium aus und die Schulgemeinde ist herzlich eingeladen, in den Arbeiten zu bl\u00e4ttern, zu lesen und sich weiter \u00fcber die oben genannten Themen zu informieren.<\/p>\n\n\n\n<p class=\"wp-block-paragraph\">Wir gratulieren allen Teilnehmenden zu ihren Leistungen, die sie neben den allt\u00e4glichen Anforderungen der Schule zus\u00e4tzlich erbracht haben. Ihr k\u00f6nnt stolz auf eure Ergebnisse sein und werdet in den n\u00e4chsten Schuljahr sicherlich von den Lernstrategien, die ihr euch angeeignet habt, profitieren!<\/p>","protected":false},"excerpt":{"rendered":"<p>Bereits zum vierten Mal hie\u00df es nun am Dienstag, den 14.07.26, \u201eB\u00fchne frei\u201c f\u00fcr die Expertenvortr\u00e4ge der Teilnehmenden des Forder-F\u00f6rder-Projekts von Frau Panzlaff und Herrn B\u00f6ker aus Jahrgang 6. Nachdem die dreizehn Teilnehmenden ein halbes Jahr lang intensiv an einem Thema ihrer Wahl gearbeitet und (u. a. in der Stadtbibliothek Herford) recherchiert haben, war es [&hellip;]<\/p>\n","protected":false},"author":15,"featured_media":23905,"comment_status":"closed","ping_status":"open","sticky":false,"template":"","format":"standard","meta":{"_acf_changed":false,"footnotes":""},"categories":[1],"tags":[],"class_list":["post-23904","post","type-post","status-publish","format-standard","has-post-thumbnail","hentry","category-aktuelle-themen"],"acf":[],"_links":{"self":[{"href":"https:\/\/www.fgh-online.de\/en\/wp-json\/wp\/v2\/posts\/23904","targetHints":{"allow":["GET"]}}],"collection":[{"href":"https:\/\/www.fgh-online.de\/en\/wp-json\/wp\/v2\/posts"}],"about":[{"href":"https:\/\/www.fgh-online.de\/en\/wp-json\/wp\/v2\/types\/post"}],"author":[{"embeddable":true,"href":"https:\/\/www.fgh-online.de\/en\/wp-json\/wp\/v2\/users\/15"}],"replies":[{"embeddable":true,"href":"https:\/\/www.fgh-online.de\/en\/wp-json\/wp\/v2\/comments?post=23904"}],"version-history":[{"count":1,"href":"https:\/\/www.fgh-online.de\/en\/wp-json\/wp\/v2\/posts\/23904\/revisions"}],"predecessor-version":[{"id":23906,"href":"https:\/\/www.fgh-online.de\/en\/wp-json\/wp\/v2\/posts\/23904\/revisions\/23906"}],"wp:featuredmedia":[{"embeddable":true,"href":"https:\/\/www.fgh-online.de\/en\/wp-json\/wp\/v2\/media\/23905"}],"wp:attachment":[{"href":"https:\/\/www.fgh-online.de\/en\/wp-json\/wp\/v2\/media?parent=23904"}],"wp:term":[{"taxonomy":"category","embeddable":true,"href":"https:\/\/www.fgh-online.de\/en\/wp-json\/wp\/v2\/categories?post=23904"},{"taxonomy":"post_tag","embeddable":true,"href":"https:\/\/www.fgh-online.de\/en\/wp-json\/wp\/v2\/tags?post=23904"}],"curies":[{"name":"wp","href":"https:\/\/api.w.org\/{rel}","templated":true}]}}